{"id":5203,"date":"2025-06-20T17:17:44","date_gmt":"2025-06-20T17:17:44","guid":{"rendered":"https:\/\/xn--ensearlapatagonia-ixb.com.ar\/sitio\/?p=5203"},"modified":"2025-12-18T15:13:20","modified_gmt":"2025-12-18T18:13:20","slug":"el-amanecer-de-todo-una-nueva-historia-de-la-humanidad-de-david-graeber-y-david-wengrow-completo-para-descargar-en-pdf","status":"publish","type":"post","link":"https:\/\/xn--ensearlapatagonia-ixb.com.ar\/sitio\/el-amanecer-de-todo-una-nueva-historia-de-la-humanidad-de-david-graeber-y-david-wengrow-completo-para-descargar-en-pdf\/","title":{"rendered":"\u00abEl amanecer de todo. Una nueva historia de la humanidad\u00bb, de David Graeber y David Wengrow, completo para descargar en pdf"},"content":{"rendered":"\t\t<div data-elementor-type=\"wp-post\" data-elementor-id=\"5203\" class=\"elementor elementor-5203\" data-elementor-post-type=\"post\">\n\t\t\t\t<div class=\"elementor-element elementor-element-d335464 e-flex e-con-boxed e-con e-parent\" data-id=\"d335464\" data-element_type=\"container\">\n\t\t\t\t\t<div class=\"e-con-inner\">\n\t\t\t\t<div class=\"elementor-element elementor-element-30428abb elementor-widget elementor-widget-text-editor\" data-id=\"30428abb\" data-element_type=\"widget\" data-widget_type=\"text-editor.default\">\n\t\t\t\t\t\t\t\t\t\n<figure class=\"wp-block-image size-full\"><a href=\"https:\/\/xn--ensearlapatagonia-ixb.com.ar\/sitio\/wp-content\/uploads\/El-amanecer-de-todo.jpg\"><img fetchpriority=\"high\" decoding=\"async\" width=\"731\" height=\"948\" class=\"wp-image-5204\" src=\"https:\/\/xn--ensearlapatagonia-ixb.com.ar\/sitio\/wp-content\/uploads\/El-amanecer-de-todo.jpg\" alt=\"\" \/><\/a><\/figure>\n\n\n\n<p>\u00abDurante generaciones hemos visto a nuestros antepasados m\u00e1s<br \/>remotos como seres primitivos, ingenuos y violentos. Se nos ha<br \/>dicho que solo era posible alcanzar la civilizaci\u00f3n sacrificando<br \/>libertades o domesticando nuestros instintos. En este ensayo, los<br \/>reconocidos antrop\u00f3logos David Graeber y David Wengrow<br \/>demuestran que estas concepciones, que surgieron en el siglo xviii,<br \/>fueron una reacci\u00f3n conservadora de la sociedad europea ante las<br \/>cr\u00edticas de los intelectuales ind\u00edgenas y que no tienen un aval<br \/>antropol\u00f3gico y arqueol\u00f3gico.<br \/>En el rastreo de esta falsa l\u00ednea de pensamiento, este libro<br \/>defiende que las comunidades de la prehistoria eran mucho m\u00e1s<br \/>cambiantes de lo que se ha pensado; un planteamiento que<br \/>desarticula los relatos fundacionales m\u00e1s arraigados, desde el<br \/>desarrollo de las ciudades hasta los or\u00edgenes del Estado, la<br \/>desigualdad o la democracia.<br \/>El amanecer de todo es una nueva historia de la humanidad, un<br \/>texto combativo que transforma nuestra comprensi\u00f3n del pasado y<br \/>abre camino para imaginar nuevas formas de organizaci\u00f3n social.<br \/>Una obra monumental que cuestiona las ideas de pensadores como<br \/>Jared Diamond, Francis Fukuyama y Yuval Noah Harari. Porque la<br \/>suposici\u00f3n de que las sociedades se vuelven menos igualitarias y<br \/>libres a medida que se hacen m\u00e1s complejas y \u00abcivilizadas\u00bb no es<br \/>m\u00e1s que un mito.\u00bb<\/p>\n\n\n\n<div data-wp-interactive=\"core\/file\" class=\"wp-block-file\"><object data-wp-bind--hidden=\"!state.hasPdfPreview\" hidden class=\"wp-block-file__embed\" style=\"width: 100%; height: 600px;\" data=\"https:\/\/xn--ensearlapatagonia-ixb.com.ar\/sitio\/wp-content\/uploads\/El-amanecer-de-todo.pdf\" type=\"application\/pdf\" width=\"300\" height=\"150\" aria-label=\"Incrustado de El-amanecer-de-todo.\"><\/object><a id=\"wp-block-file--media-b3db2ef0-1cab-476b-b80b-b25fe06ac2be\" href=\"https:\/\/xn--ensearlapatagonia-ixb.com.ar\/sitio\/wp-content\/uploads\/El-amanecer-de-todo.pdf\">El-amanecer-de-todo<\/a><a class=\"wp-block-file__button wp-element-button\" href=\"https:\/\/xn--ensearlapatagonia-ixb.com.ar\/sitio\/wp-content\/uploads\/El-amanecer-de-todo.pdf\" download=\"\" aria-describedby=\"wp-block-file--media-b3db2ef0-1cab-476b-b80b-b25fe06ac2be\">Descarga<\/a><\/div>\n\t\t\t\t\t\t\t\t<\/div>\n\t\t\t\t\t<\/div>\n\t\t\t\t<\/div>\n\t\t\t\t<\/div>\n\t\t","protected":false},"excerpt":{"rendered":"<p>\u00abDurante generaciones hemos visto a nuestros antepasados m\u00e1sremotos como seres primitivos, ingenuos y violentos. Se nos hadicho que solo era posible alcanzar la civilizaci\u00f3n sacrificandolibertades o domesticando nuestros instintos. En este ensayo, losreconocidos antrop\u00f3logos David Graeber y David Wengrowdemuestran que estas concepciones, que surgieron en el siglo xviii,fueron una reacci\u00f3n conservadora de la sociedad europea [&hellip;]<\/p>\n","protected":false},"author":1,"featured_media":5204,"comment_status":"open","ping_status":"open","sticky":false,"template":"","format":"standard","meta":{"_acf_changed":false,"footnotes":""},"categories":[60,59,61],"tags":[173,65,85,83,161,72],"class_list":["post-5203","post","type-post","status-publish","format-standard","has-post-thumbnail","hentry","category-bibliografia-ciencias-sociales","category-de-interes-general","category-formacion-docente","tag-antropologia","tag-ciencias-sociales","tag-educacion-2","tag-formacion-docente","tag-historia","tag-libros"],"acf":[],"_links":{"self":[{"href":"https:\/\/xn--ensearlapatagonia-ixb.com.ar\/sitio\/wp-json\/wp\/v2\/posts\/5203","targetHints":{"allow":["GET"]}}],"collection":[{"href":"https:\/\/xn--ensearlapatagonia-ixb.com.ar\/sitio\/wp-json\/wp\/v2\/posts"}],"about":[{"href":"https:\/\/xn--ensearlapatagonia-ixb.com.ar\/sitio\/wp-json\/wp\/v2\/types\/post"}],"author":[{"embeddable":true,"href":"https:\/\/xn--ensearlapatagonia-ixb.com.ar\/sitio\/wp-json\/wp\/v2\/users\/1"}],"replies":[{"embeddable":true,"href":"https:\/\/xn--ensearlapatagonia-ixb.com.ar\/sitio\/wp-json\/wp\/v2\/comments?post=5203"}],"version-history":[{"count":4,"href":"https:\/\/xn--ensearlapatagonia-ixb.com.ar\/sitio\/wp-json\/wp\/v2\/posts\/5203\/revisions"}],"predecessor-version":[{"id":9159,"href":"https:\/\/xn--ensearlapatagonia-ixb.com.ar\/sitio\/wp-json\/wp\/v2\/posts\/5203\/revisions\/9159"}],"wp:featuredmedia":[{"embeddable":true,"href":"https:\/\/xn--ensearlapatagonia-ixb.com.ar\/sitio\/wp-json\/wp\/v2\/media\/5204"}],"wp:attachment":[{"href":"https:\/\/xn--ensearlapatagonia-ixb.com.ar\/sitio\/wp-json\/wp\/v2\/media?parent=5203"}],"wp:term":[{"taxonomy":"category","embeddable":true,"href":"https:\/\/xn--ensearlapatagonia-ixb.com.ar\/sitio\/wp-json\/wp\/v2\/categories?post=5203"},{"taxonomy":"post_tag","embeddable":true,"href":"https:\/\/xn--ensearlapatagonia-ixb.com.ar\/sitio\/wp-json\/wp\/v2\/tags?post=5203"}],"curies":[{"name":"wp","href":"https:\/\/api.w.org\/{rel}","templated":true}]}}