{"id":5145,"date":"2025-04-18T01:09:25","date_gmt":"2025-04-18T01:09:25","guid":{"rendered":"https:\/\/xn--ensearlapatagonia-ixb.com.ar\/sitio\/?p=5145"},"modified":"2025-04-18T01:09:25","modified_gmt":"2025-04-18T01:09:25","slug":"interculturalidad-y-diversidad-en-la-educacion-de-sonia-comboni-salinas-y-jose-manuel-juarez-nunez-completo-para-descargar-en-pdf","status":"publish","type":"post","link":"https:\/\/xn--ensearlapatagonia-ixb.com.ar\/sitio\/interculturalidad-y-diversidad-en-la-educacion-de-sonia-comboni-salinas-y-jose-manuel-juarez-nunez-completo-para-descargar-en-pdf\/","title":{"rendered":"\u00abInterculturalidad y diversidad en la educaci\u00f3n\u00bb, de Sonia Comboni Salinas y Jos\u00e9 Manuel Juarez Nu\u00f1ez, completo para descargar en pdf"},"content":{"rendered":"\n<figure class=\"wp-block-image size-full is-resized\"><a href=\"https:\/\/xn--ensearlapatagonia-ixb.com.ar\/sitio\/wp-content\/uploads\/Interculturalidad-y-diversidad-en-la-educacion-1.jpg\"><img fetchpriority=\"high\" decoding=\"async\" width=\"705\" height=\"946\" src=\"https:\/\/xn--ensearlapatagonia-ixb.com.ar\/sitio\/wp-content\/uploads\/Interculturalidad-y-diversidad-en-la-educacion-1.jpg\" alt=\"\" class=\"wp-image-5147\" style=\"width:703px;height:auto\"\/><\/a><\/figure>\n\n\n\n<p>Muy interesante material sobre educaci\u00f3n intercultural.<\/p>\n\n\n\n<div data-wp-interactive=\"core\/file\" class=\"wp-block-file\"><object data-wp-bind--hidden=\"!state.hasPdfPreview\" hidden class=\"wp-block-file__embed\" data=\"https:\/\/xn--ensearlapatagonia-ixb.com.ar\/sitio\/wp-content\/uploads\/Interculturalidad-y-diversidad-en-la-educacion-concepciones-politicas-y-practicas-Sonia-Comboni-Salinas-Jose-Manuel-Juarez-Nunez.pdf\" type=\"application\/pdf\" style=\"width:100%;height:600px\" aria-label=\"Incrustado de Interculturalidad y diversidad en la educaci\u00f3n concepciones, pol\u00edticas y pr\u00e1cticas - Sonia Comboni Salinas Jos\u00e9 Manuel Ju\u00e1rez N\u00fa\u00f1ez.\"><\/object><a id=\"wp-block-file--media-74811412-2504-4436-bae0-2c03b88f3f7e\" href=\"https:\/\/xn--ensearlapatagonia-ixb.com.ar\/sitio\/wp-content\/uploads\/Interculturalidad-y-diversidad-en-la-educacion-concepciones-politicas-y-practicas-Sonia-Comboni-Salinas-Jose-Manuel-Juarez-Nunez.pdf\">Interculturalidad y diversidad en la educaci\u00f3n concepciones, pol\u00edticas y pr\u00e1cticas &#8211; Sonia Comboni Salinas Jos\u00e9 Manuel Ju\u00e1rez N\u00fa\u00f1ez<\/a><a href=\"https:\/\/xn--ensearlapatagonia-ixb.com.ar\/sitio\/wp-content\/uploads\/Interculturalidad-y-diversidad-en-la-educacion-concepciones-politicas-y-practicas-Sonia-Comboni-Salinas-Jose-Manuel-Juarez-Nunez.pdf\" class=\"wp-block-file__button wp-element-button\" download aria-describedby=\"wp-block-file--media-74811412-2504-4436-bae0-2c03b88f3f7e\">Descarga<\/a><\/div>\n","protected":false},"excerpt":{"rendered":"<p>Muy interesante material sobre educaci\u00f3n intercultural.<\/p>\n","protected":false},"author":1,"featured_media":5147,"comment_status":"open","ping_status":"open","sticky":false,"template":"","format":"standard","meta":{"_acf_changed":false,"footnotes":""},"categories":[1],"tags":[65,131,85,74,75,83,113,72,86],"class_list":["post-5145","post","type-post","status-publish","format-standard","has-post-thumbnail","hentry","category-sin-categoria","tag-ciencias-sociales","tag-decolonialidad","tag-educacion-2","tag-ensenanza","tag-escuela","tag-formacion-docente","tag-interculturalidad","tag-libros","tag-pueblos-originarios"],"acf":[],"_links":{"self":[{"href":"https:\/\/xn--ensearlapatagonia-ixb.com.ar\/sitio\/wp-json\/wp\/v2\/posts\/5145","targetHints":{"allow":["GET"]}}],"collection":[{"href":"https:\/\/xn--ensearlapatagonia-ixb.com.ar\/sitio\/wp-json\/wp\/v2\/posts"}],"about":[{"href":"https:\/\/xn--ensearlapatagonia-ixb.com.ar\/sitio\/wp-json\/wp\/v2\/types\/post"}],"author":[{"embeddable":true,"href":"https:\/\/xn--ensearlapatagonia-ixb.com.ar\/sitio\/wp-json\/wp\/v2\/users\/1"}],"replies":[{"embeddable":true,"href":"https:\/\/xn--ensearlapatagonia-ixb.com.ar\/sitio\/wp-json\/wp\/v2\/comments?post=5145"}],"version-history":[{"count":0,"href":"https:\/\/xn--ensearlapatagonia-ixb.com.ar\/sitio\/wp-json\/wp\/v2\/posts\/5145\/revisions"}],"wp:featuredmedia":[{"embeddable":true,"href":"https:\/\/xn--ensearlapatagonia-ixb.com.ar\/sitio\/wp-json\/wp\/v2\/media\/5147"}],"wp:attachment":[{"href":"https:\/\/xn--ensearlapatagonia-ixb.com.ar\/sitio\/wp-json\/wp\/v2\/media?parent=5145"}],"wp:term":[{"taxonomy":"category","embeddable":true,"href":"https:\/\/xn--ensearlapatagonia-ixb.com.ar\/sitio\/wp-json\/wp\/v2\/categories?post=5145"},{"taxonomy":"post_tag","embeddable":true,"href":"https:\/\/xn--ensearlapatagonia-ixb.com.ar\/sitio\/wp-json\/wp\/v2\/tags?post=5145"}],"curies":[{"name":"wp","href":"https:\/\/api.w.org\/{rel}","templated":true}]}}