{"id":5066,"date":"2025-02-08T18:47:56","date_gmt":"2025-02-08T18:47:56","guid":{"rendered":"https:\/\/xn--ensearlapatagonia-ixb.com.ar\/sitio\/?p=5066"},"modified":"2025-02-08T18:47:56","modified_gmt":"2025-02-08T18:47:56","slug":"rutas-de-otra-educacion-posible-voces-pedagogicas-desde-nuestra-america-david-auris-villegas-comp-y-coord-completo-para-descargar-en-pdf","status":"publish","type":"post","link":"https:\/\/xn--ensearlapatagonia-ixb.com.ar\/sitio\/rutas-de-otra-educacion-posible-voces-pedagogicas-desde-nuestra-america-david-auris-villegas-comp-y-coord-completo-para-descargar-en-pdf\/","title":{"rendered":"\u00abRutas de otra educaci\u00f3n posible: voces pedag\u00f3gicas desde nuestra Am\u00e9rica\u00bb David Auris Villegas (Comp. y coord.), completo para descargar en pdf"},"content":{"rendered":"\n<p>Otra mirada posible para quienes so\u00f1amos con una educaci\u00f3n emancipadora, completo para descargar en pdf.<\/p>\n\n\n\n<figure class=\"wp-block-image size-full\"><a href=\"https:\/\/xn--ensearlapatagonia-ixb.com.ar\/sitio\/wp-content\/uploads\/Rutas-de-otra-educacion-posible.jpg\"><img fetchpriority=\"high\" decoding=\"async\" width=\"601\" height=\"852\" src=\"https:\/\/xn--ensearlapatagonia-ixb.com.ar\/sitio\/wp-content\/uploads\/Rutas-de-otra-educacion-posible.jpg\" alt=\"\" class=\"wp-image-5068\"\/><\/a><\/figure>\n\n\n\n<div data-wp-interactive=\"core\/file\" class=\"wp-block-file\"><object data-wp-bind--hidden=\"!state.hasPdfPreview\" hidden class=\"wp-block-file__embed\" data=\"https:\/\/xn--ensearlapatagonia-ixb.com.ar\/sitio\/wp-content\/uploads\/Rutas-de-otra-educacion-posible-voces-pedagogicas-desde-nuestra-America-David-Auris-Villegas-Compilador.pdf\" type=\"application\/pdf\" style=\"width:100%;height:600px\" aria-label=\"Incrustado de Rutas de otra educaci\u00f3n posible voces pedag\u00f3gicas desde nuestra Am\u00e9rica - David Auris Villegas (Compilador).\"><\/object><a id=\"wp-block-file--media-ad046cbb-4543-45ec-a877-392e220704d8\" href=\"https:\/\/xn--ensearlapatagonia-ixb.com.ar\/sitio\/wp-content\/uploads\/Rutas-de-otra-educacion-posible-voces-pedagogicas-desde-nuestra-America-David-Auris-Villegas-Compilador.pdf\">Rutas de otra educaci\u00f3n posible voces pedag\u00f3gicas desde nuestra Am\u00e9rica &#8211; David Auris Villegas (Compilador)<\/a><a href=\"https:\/\/xn--ensearlapatagonia-ixb.com.ar\/sitio\/wp-content\/uploads\/Rutas-de-otra-educacion-posible-voces-pedagogicas-desde-nuestra-America-David-Auris-Villegas-Compilador.pdf\" class=\"wp-block-file__button wp-element-button\" download aria-describedby=\"wp-block-file--media-ad046cbb-4543-45ec-a877-392e220704d8\">Descarga<\/a><\/div>\n","protected":false},"excerpt":{"rendered":"<p>Otra mirada posible para quienes so\u00f1amos con una educaci\u00f3n emancipadora, completo para descargar en pdf.<\/p>\n","protected":false},"author":1,"featured_media":5068,"comment_status":"open","ping_status":"open","sticky":false,"template":"","format":"standard","meta":{"_acf_changed":false,"footnotes":""},"categories":[1],"tags":[],"class_list":["post-5066","post","type-post","status-publish","format-standard","has-post-thumbnail","hentry","category-sin-categoria"],"acf":[],"_links":{"self":[{"href":"https:\/\/xn--ensearlapatagonia-ixb.com.ar\/sitio\/wp-json\/wp\/v2\/posts\/5066","targetHints":{"allow":["GET"]}}],"collection":[{"href":"https:\/\/xn--ensearlapatagonia-ixb.com.ar\/sitio\/wp-json\/wp\/v2\/posts"}],"about":[{"href":"https:\/\/xn--ensearlapatagonia-ixb.com.ar\/sitio\/wp-json\/wp\/v2\/types\/post"}],"author":[{"embeddable":true,"href":"https:\/\/xn--ensearlapatagonia-ixb.com.ar\/sitio\/wp-json\/wp\/v2\/users\/1"}],"replies":[{"embeddable":true,"href":"https:\/\/xn--ensearlapatagonia-ixb.com.ar\/sitio\/wp-json\/wp\/v2\/comments?post=5066"}],"version-history":[{"count":1,"href":"https:\/\/xn--ensearlapatagonia-ixb.com.ar\/sitio\/wp-json\/wp\/v2\/posts\/5066\/revisions"}],"predecessor-version":[{"id":5884,"href":"https:\/\/xn--ensearlapatagonia-ixb.com.ar\/sitio\/wp-json\/wp\/v2\/posts\/5066\/revisions\/5884"}],"wp:featuredmedia":[{"embeddable":true,"href":"https:\/\/xn--ensearlapatagonia-ixb.com.ar\/sitio\/wp-json\/wp\/v2\/media\/5068"}],"wp:attachment":[{"href":"https:\/\/xn--ensearlapatagonia-ixb.com.ar\/sitio\/wp-json\/wp\/v2\/media?parent=5066"}],"wp:term":[{"taxonomy":"category","embeddable":true,"href":"https:\/\/xn--ensearlapatagonia-ixb.com.ar\/sitio\/wp-json\/wp\/v2\/categories?post=5066"},{"taxonomy":"post_tag","embeddable":true,"href":"https:\/\/xn--ensearlapatagonia-ixb.com.ar\/sitio\/wp-json\/wp\/v2\/tags?post=5066"}],"curies":[{"name":"wp","href":"https:\/\/api.w.org\/{rel}","templated":true}]}}