{"id":4757,"date":"2023-06-28T18:48:00","date_gmt":"2023-06-28T18:48:00","guid":{"rendered":"https:\/\/xn--ensearlapatagonia-ixb.com.ar\/sitio\/?p=4757"},"modified":"2023-06-28T18:48:00","modified_gmt":"2023-06-28T18:48:00","slug":"la-conurbacion-neuquina-perspectiva-regional-y-aportes-para-el-ordenamiento-territorial-de-german-gabriel-perez-completo-para-descargar-el-pdf","status":"publish","type":"post","link":"https:\/\/xn--ensearlapatagonia-ixb.com.ar\/sitio\/la-conurbacion-neuquina-perspectiva-regional-y-aportes-para-el-ordenamiento-territorial-de-german-gabriel-perez-completo-para-descargar-el-pdf\/","title":{"rendered":"\u00abLa conurbaci\u00f3n neuquina. Perspectiva regional y aportes para el ordenamiento territorial\u00bb, de Germ\u00e1n Gabriel Perez, completo para descargar el pdf"},"content":{"rendered":"\n<p>Un aporte muy importante desde la Universidad Nacional del Comahue para entender la conurbaci\u00f3n que rodea a la ciudad de Neuqu\u00e9n y pensar soluciones a los problemas planteados.<\/p>\n\n\n\n<figure class=\"wp-block-image size-full\"><a href=\"https:\/\/xn--ensearlapatagonia-ixb.com.ar\/sitio\/wp-content\/uploads\/La-conurbacion-neuquina.jpg\"><img fetchpriority=\"high\" decoding=\"async\" width=\"564\" height=\"812\" src=\"https:\/\/xn--ensearlapatagonia-ixb.com.ar\/sitio\/wp-content\/uploads\/La-conurbacion-neuquina.jpg\" alt=\"\" class=\"wp-image-4758\"\/><\/a><\/figure>\n\n\n\n<p><a href=\"https:\/\/mega.nz\/file\/HQlQAQBZ#tQ9T9iosKLTYRS0F9NjeY92V03QTPnjJ3HYgeVDcSnM\">La conurbaci\u00f3n Neuquina. Germ\u00e1n Gabriel Perez<\/a><\/p>\n","protected":false},"excerpt":{"rendered":"<p>Un aporte muy importante desde la Universidad Nacional del Comahue para entender la conurbaci\u00f3n que rodea a la ciudad de Neuqu\u00e9n y pensar soluciones a los problemas planteados. La conurbaci\u00f3n Neuquina. Germ\u00e1n Gabriel Perez<\/p>\n","protected":false},"author":1,"featured_media":4758,"comment_status":"open","ping_status":"open","sticky":false,"template":"","format":"standard","meta":{"_acf_changed":false,"footnotes":""},"categories":[60,59,61],"tags":[65,154,155,156,76],"class_list":["post-4757","post","type-post","status-publish","format-standard","has-post-thumbnail","hentry","category-bibliografia-ciencias-sociales","category-de-interes-general","category-formacion-docente","tag-ciencias-sociales","tag-conurbacion","tag-espacio-urbano","tag-neuquen","tag-patagonia"],"acf":[],"_links":{"self":[{"href":"https:\/\/xn--ensearlapatagonia-ixb.com.ar\/sitio\/wp-json\/wp\/v2\/posts\/4757","targetHints":{"allow":["GET"]}}],"collection":[{"href":"https:\/\/xn--ensearlapatagonia-ixb.com.ar\/sitio\/wp-json\/wp\/v2\/posts"}],"about":[{"href":"https:\/\/xn--ensearlapatagonia-ixb.com.ar\/sitio\/wp-json\/wp\/v2\/types\/post"}],"author":[{"embeddable":true,"href":"https:\/\/xn--ensearlapatagonia-ixb.com.ar\/sitio\/wp-json\/wp\/v2\/users\/1"}],"replies":[{"embeddable":true,"href":"https:\/\/xn--ensearlapatagonia-ixb.com.ar\/sitio\/wp-json\/wp\/v2\/comments?post=4757"}],"version-history":[{"count":0,"href":"https:\/\/xn--ensearlapatagonia-ixb.com.ar\/sitio\/wp-json\/wp\/v2\/posts\/4757\/revisions"}],"wp:featuredmedia":[{"embeddable":true,"href":"https:\/\/xn--ensearlapatagonia-ixb.com.ar\/sitio\/wp-json\/wp\/v2\/media\/4758"}],"wp:attachment":[{"href":"https:\/\/xn--ensearlapatagonia-ixb.com.ar\/sitio\/wp-json\/wp\/v2\/media?parent=4757"}],"wp:term":[{"taxonomy":"category","embeddable":true,"href":"https:\/\/xn--ensearlapatagonia-ixb.com.ar\/sitio\/wp-json\/wp\/v2\/categories?post=4757"},{"taxonomy":"post_tag","embeddable":true,"href":"https:\/\/xn--ensearlapatagonia-ixb.com.ar\/sitio\/wp-json\/wp\/v2\/tags?post=4757"}],"curies":[{"name":"wp","href":"https:\/\/api.w.org\/{rel}","templated":true}]}}