{"id":4733,"date":"2023-06-04T22:44:49","date_gmt":"2023-06-04T22:44:49","guid":{"rendered":"https:\/\/xn--ensearlapatagonia-ixb.com.ar\/sitio\/?p=4733"},"modified":"2025-11-15T17:29:49","modified_gmt":"2025-11-15T20:29:49","slug":"razon-evaluadora-razon-punitiva-relaciones-y-complicidades-o-dos-caras-de-la-colonialidad-pedagogica","status":"publish","type":"post","link":"https:\/\/xn--ensearlapatagonia-ixb.com.ar\/sitio\/razon-evaluadora-razon-punitiva-relaciones-y-complicidades-o-dos-caras-de-la-colonialidad-pedagogica\/","title":{"rendered":"Raz\u00f3n evaluadora\/raz\u00f3n punitiva: relaciones y complicidades (o dos caras de la colonialidad pedag\u00f3gica)"},"content":{"rendered":"\n<p>Desafiante art\u00edculo del Lic. Facundo Giuliano sobre la evaluaci\u00f3n en la escuela. Para debatir.<\/p>\n\n\n\n<figure class=\"wp-block-image size-full\"><a href=\"https:\/\/xn--ensearlapatagonia-ixb.com.ar\/sitio\/wp-content\/uploads\/Razon-evaluadora-razon-punitiva.png\"><img fetchpriority=\"high\" decoding=\"async\" width=\"600\" height=\"776\" src=\"https:\/\/xn--ensearlapatagonia-ixb.com.ar\/sitio\/wp-content\/uploads\/Razon-evaluadora-razon-punitiva.png\" alt=\"\" class=\"wp-image-4734\"\/><\/a><\/figure>\n\n\n\n<p><a href=\"https:\/\/mega.nz\/file\/jB1xGb4B#3Wx2-nahtr_4qYZlVVHXLxhu2ZTBSAP7jDzjW43RE6E\">Raz\u00f3n evaluadora \/ raz\u00f3n punitiva: dos caras de la colonialidad pedag\u00f3gica<\/a><\/p>\n\n\n\n<div data-wp-interactive=\"core\/file\" class=\"wp-block-file\"><object data-wp-bind--hidden=\"!state.hasPdfPreview\" hidden class=\"wp-block-file__embed\" data=\"https:\/\/xn--ensearlapatagonia-ixb.com.ar\/sitio\/wp-content\/uploads\/2023\/06\/Razon-evaluadora_razon-punitiva_-relaciones-y-complicidades-o-dos-caras-de-la-colonialidad-pedagogica.pdf\" type=\"application\/pdf\" style=\"width:100%;height:600px\" aria-label=\"Incrustado de Raz\u00f3n evaluadora_raz\u00f3n punitiva_ relaciones y complicidades (o dos caras de la colonialidad pedag\u00f3gica).\"><\/object><a id=\"wp-block-file--media-c24b096f-9cc4-4728-a9b5-02cb4182ee90\" href=\"https:\/\/xn--ensearlapatagonia-ixb.com.ar\/sitio\/wp-content\/uploads\/2023\/06\/Razon-evaluadora_razon-punitiva_-relaciones-y-complicidades-o-dos-caras-de-la-colonialidad-pedagogica.pdf\">Raz\u00f3n evaluadora_raz\u00f3n punitiva_ relaciones y complicidades (o dos caras de la colonialidad pedag\u00f3gica)<\/a><a href=\"https:\/\/xn--ensearlapatagonia-ixb.com.ar\/sitio\/wp-content\/uploads\/2023\/06\/Razon-evaluadora_razon-punitiva_-relaciones-y-complicidades-o-dos-caras-de-la-colonialidad-pedagogica.pdf\" class=\"wp-block-file__button wp-element-button\" download aria-describedby=\"wp-block-file--media-c24b096f-9cc4-4728-a9b5-02cb4182ee90\">Descarga<\/a><\/div>\n","protected":false},"excerpt":{"rendered":"<p>Desafiante art\u00edculo del Lic. Facundo Giuliano sobre la evaluaci\u00f3n en la escuela. Para debatir. Raz\u00f3n evaluadora \/ raz\u00f3n punitiva: dos caras de la colonialidad pedag\u00f3gica<\/p>\n","protected":false},"author":1,"featured_media":6194,"comment_status":"open","ping_status":"open","sticky":false,"template":"","format":"standard","meta":{"_acf_changed":false,"footnotes":""},"categories":[60,61],"tags":[],"class_list":["post-4733","post","type-post","status-publish","format-standard","has-post-thumbnail","hentry","category-bibliografia-ciencias-sociales","category-formacion-docente"],"acf":[],"_links":{"self":[{"href":"https:\/\/xn--ensearlapatagonia-ixb.com.ar\/sitio\/wp-json\/wp\/v2\/posts\/4733","targetHints":{"allow":["GET"]}}],"collection":[{"href":"https:\/\/xn--ensearlapatagonia-ixb.com.ar\/sitio\/wp-json\/wp\/v2\/posts"}],"about":[{"href":"https:\/\/xn--ensearlapatagonia-ixb.com.ar\/sitio\/wp-json\/wp\/v2\/types\/post"}],"author":[{"embeddable":true,"href":"https:\/\/xn--ensearlapatagonia-ixb.com.ar\/sitio\/wp-json\/wp\/v2\/users\/1"}],"replies":[{"embeddable":true,"href":"https:\/\/xn--ensearlapatagonia-ixb.com.ar\/sitio\/wp-json\/wp\/v2\/comments?post=4733"}],"version-history":[{"count":1,"href":"https:\/\/xn--ensearlapatagonia-ixb.com.ar\/sitio\/wp-json\/wp\/v2\/posts\/4733\/revisions"}],"predecessor-version":[{"id":8613,"href":"https:\/\/xn--ensearlapatagonia-ixb.com.ar\/sitio\/wp-json\/wp\/v2\/posts\/4733\/revisions\/8613"}],"wp:featuredmedia":[{"embeddable":true,"href":"https:\/\/xn--ensearlapatagonia-ixb.com.ar\/sitio\/wp-json\/wp\/v2\/media\/6194"}],"wp:attachment":[{"href":"https:\/\/xn--ensearlapatagonia-ixb.com.ar\/sitio\/wp-json\/wp\/v2\/media?parent=4733"}],"wp:term":[{"taxonomy":"category","embeddable":true,"href":"https:\/\/xn--ensearlapatagonia-ixb.com.ar\/sitio\/wp-json\/wp\/v2\/categories?post=4733"},{"taxonomy":"post_tag","embeddable":true,"href":"https:\/\/xn--ensearlapatagonia-ixb.com.ar\/sitio\/wp-json\/wp\/v2\/tags?post=4733"}],"curies":[{"name":"wp","href":"https:\/\/api.w.org\/{rel}","templated":true}]}}