{"id":4571,"date":"2022-08-06T02:29:33","date_gmt":"2022-08-06T02:29:33","guid":{"rendered":"https:\/\/xn--ensearlapatagonia-ixb.com.ar\/sitio\/?p=4571"},"modified":"2022-08-06T02:29:33","modified_gmt":"2022-08-06T02:29:33","slug":"sabias-que-existe-una-ley-nacional-que-regula-y-orienta-la-convivencia-en-las-escuelas","status":"publish","type":"post","link":"https:\/\/xn--ensearlapatagonia-ixb.com.ar\/sitio\/sabias-que-existe-una-ley-nacional-que-regula-y-orienta-la-convivencia-en-las-escuelas\/","title":{"rendered":"\u00bfSab\u00edas que existe una ley nacional que regula y orienta la convivencia en las escuelas?"},"content":{"rendered":"\n<figure class=\"wp-block-image size-full\"><a href=\"https:\/\/xn--ensearlapatagonia-ixb.com.ar\/sitio\/wp-content\/uploads\/Convivencia-en-las-escielas-1.jpg\"><img fetchpriority=\"high\" decoding=\"async\" width=\"628\" height=\"907\" src=\"https:\/\/xn--ensearlapatagonia-ixb.com.ar\/sitio\/wp-content\/uploads\/Convivencia-en-las-escielas-1.jpg\" alt=\"\" class=\"wp-image-4572\"\/><\/a><\/figure>\n\n\n\n<p>Es la Ley 26892, del a\u00f1o 2013. As\u00ed comienza su texto, abajo pod\u00e9s descargar el texto completo y las dos gu\u00edas federales que el Ministerio de Educaci\u00f3n de la Naci\u00f3n hizo en ese momento para su puesta en pr\u00e1ctica.<\/p>\n\n\n\n<p><em>Ley para la promoci\u00f3n de la convivencia y el abordaje de la conflictividad social en las instituciones<br>educativas<br>Cap\u00edtulo I<br>Objeto, principios y objetivos<br>ARTICULO 1\u00b0 \u2014 La presente ley establece las bases para la promoci\u00f3n, intervenci\u00f3n institucional y la<br>investigaci\u00f3n y recopilaci\u00f3n de experiencias sobre la convivencia as\u00ed como sobre el abordaje de la<br>conflictividad social en las instituciones educativas de todos los niveles y modalidades del sistema educativo<br>nacional.<br>ARTICULO 2\u00b0 \u2014 Son principios orientadores de esta ley, en el marco de lo estipulado por ley 23.849 \u2014<br>Convenci\u00f3n sobre los Derechos del Ni\u00f1o\u2014, ley 26.061, de Protecci\u00f3n Integral de los Derechos de los Ni\u00f1os,<br>Ni\u00f1as y Adolescentes, ley 26.206, de Educaci\u00f3n Nacional:<br>a) El respeto irrestricto a la dignidad e intimidad de las personas.<br>b) El reconocimiento de los valores, creencias e identidades culturales de todos.<br>c) El respeto y la aceptaci\u00f3n de las diferencias, el rechazo a toda forma de discriminaci\u00f3n, hostigamiento,<br>violencia y exclusi\u00f3n en las interacciones entre los integrantes de la comunidad educativa, incluyendo las<br>que se produzcan mediante entornos virtuales y otras tecnolog\u00edas de la informaci\u00f3n y comunicaci\u00f3n.<br>d) El derecho a participar de diferentes \u00e1mbitos y asuntos de la vida de las instituciones educativas.<br>e) La resoluci\u00f3n no violenta de conflictos, la utilizaci\u00f3n del di\u00e1logo como metodolog\u00eda para la identificaci\u00f3n y<br>resoluci\u00f3n de los problemas de convivencia.<br>f) El respeto por las normas y la sanci\u00f3n de sus transgresiones como parte de la ense\u00f1anza socializadora<br>de las instituciones educativas.<br>g) La contextualizaci\u00f3n de las transgresiones en las circunstancias en que acontecen, seg\u00fan las<br>perspectivas de los actores, los antecedentes previos y otros factores que inciden en las mismas,<br>manteniendo la igualdad ante la ley.<br>h) El derecho del estudiante a ser escuchado y a formular su descargo ante situaciones de transgresi\u00f3n a<br>las normas establecidas.<br>i) La valoraci\u00f3n primordial del sentido formativo de las eventuales sanciones o llamados de atenci\u00f3n.<br>j) El reconocimiento y reparaci\u00f3n del da\u00f1o u ofensa a personas o bienes de las instituciones educativas o<br>miembros de la comunidad educativa por parte de la persona o grupos responsables de esos hechos.<\/em><\/p>\n\n\n\n<p>L<a href=\"https:\/\/mega.nz\/file\/WBMkCbID#H1nSuvGE1mZkbt11AEF2ahI8GBOJzK2x_ymv6d4KxhM\">ey 26892<\/a><\/p>\n\n\n\n<p><a href=\"https:\/\/mega.nz\/file\/SY9W2a5a#ydnp49BhTD93_UY_oQYMZUUjKlJGloYN0r3WKSBwNrw\">Gu\u00eda Federal 1<\/a><\/p>\n\n\n\n<p><a href=\"https:\/\/mega.nz\/file\/KR9k2BJA#k3drzXj3EHyOht7dZUmqB2IiQCox7m1tFeaSPjbngJo\">Gu\u00eda Federal 2<\/a><\/p>\n","protected":false},"excerpt":{"rendered":"<p>Es la Ley 26892, del a\u00f1o 2013. As\u00ed comienza su texto, abajo pod\u00e9s descargar el texto completo y las dos gu\u00edas federales que el Ministerio de Educaci\u00f3n de la Naci\u00f3n hizo en ese momento para su puesta en pr\u00e1ctica. Ley para la promoci\u00f3n de la convivencia y el abordaje de la conflictividad social en las [&hellip;]<\/p>\n","protected":false},"author":1,"featured_media":4572,"comment_status":"open","ping_status":"open","sticky":false,"template":"","format":"standard","meta":{"_acf_changed":false,"footnotes":""},"categories":[59,61],"tags":[144,145,146],"class_list":["post-4571","post","type-post","status-publish","format-standard","has-post-thumbnail","hentry","category-de-interes-general","category-formacion-docente","tag-bullyng","tag-conflictos-escolares","tag-convivencia-escolar"],"acf":[],"_links":{"self":[{"href":"https:\/\/xn--ensearlapatagonia-ixb.com.ar\/sitio\/wp-json\/wp\/v2\/posts\/4571","targetHints":{"allow":["GET"]}}],"collection":[{"href":"https:\/\/xn--ensearlapatagonia-ixb.com.ar\/sitio\/wp-json\/wp\/v2\/posts"}],"about":[{"href":"https:\/\/xn--ensearlapatagonia-ixb.com.ar\/sitio\/wp-json\/wp\/v2\/types\/post"}],"author":[{"embeddable":true,"href":"https:\/\/xn--ensearlapatagonia-ixb.com.ar\/sitio\/wp-json\/wp\/v2\/users\/1"}],"replies":[{"embeddable":true,"href":"https:\/\/xn--ensearlapatagonia-ixb.com.ar\/sitio\/wp-json\/wp\/v2\/comments?post=4571"}],"version-history":[{"count":0,"href":"https:\/\/xn--ensearlapatagonia-ixb.com.ar\/sitio\/wp-json\/wp\/v2\/posts\/4571\/revisions"}],"wp:featuredmedia":[{"embeddable":true,"href":"https:\/\/xn--ensearlapatagonia-ixb.com.ar\/sitio\/wp-json\/wp\/v2\/media\/4572"}],"wp:attachment":[{"href":"https:\/\/xn--ensearlapatagonia-ixb.com.ar\/sitio\/wp-json\/wp\/v2\/media?parent=4571"}],"wp:term":[{"taxonomy":"category","embeddable":true,"href":"https:\/\/xn--ensearlapatagonia-ixb.com.ar\/sitio\/wp-json\/wp\/v2\/categories?post=4571"},{"taxonomy":"post_tag","embeddable":true,"href":"https:\/\/xn--ensearlapatagonia-ixb.com.ar\/sitio\/wp-json\/wp\/v2\/tags?post=4571"}],"curies":[{"name":"wp","href":"https:\/\/api.w.org\/{rel}","templated":true}]}}