{"id":3936,"date":"2020-10-22T18:46:57","date_gmt":"2020-10-22T18:46:57","guid":{"rendered":"https:\/\/xn--ensearlapatagonia-ixb.com.ar\/sitio\/?p=3936"},"modified":"2020-10-22T18:46:57","modified_gmt":"2020-10-22T18:46:57","slug":"historia-de-la-crueldad-argentina-julio-a-roca-y-el-genocidio-de-los-pueblos-originarios-para-descargar-en-pdf","status":"publish","type":"post","link":"https:\/\/xn--ensearlapatagonia-ixb.com.ar\/sitio\/historia-de-la-crueldad-argentina-julio-a-roca-y-el-genocidio-de-los-pueblos-originarios-para-descargar-en-pdf\/","title":{"rendered":"\u00abHistoria de la crueldad argentina. julio a. roca y el genocidio de los pueblos originarios\u00bb, para descargar en pdf"},"content":{"rendered":"\n<figure class=\"wp-block-image size-large\"><img fetchpriority=\"high\" decoding=\"async\" width=\"200\" height=\"290\" src=\"https:\/\/xn--ensearlapatagonia-ixb.com.ar\/sitio\/wp-content\/uploads\/Historia-de-la-crueldad-argentina.jpg\" alt=\"\" class=\"wp-image-3937\"\/><\/figure>\n\n\n\n<p>Dice Osvaldo Bayer en la introducci\u00f3n: <\/p>\n\n\n\n<p>\u00ab(&#8230;) Esperemos que este libro sea tomado en escuelas secundarias y en aulas universitarias para abrir el gran debate sobre nuestro pasado y el por qu\u00e9 de su eterna crueldad. Porque estamos acostumbrados a que s\u00f3lo se escuche la palabra oficial.<br>La dictadura de la desaparici\u00f3n de personas le dio una gran importancia a los cien a\u00f1os del genocidio de los pueblos originarios. En 1979 se hicieron actos numerosos y exposiciones en honor a Roca y los diarios m\u00e1s importantes imprimieron suplementos de muchas p\u00e1ginas sobre el tema. Y, por supuesto, obtuvieron grandes ganancias ya que acompa\u00f1aron esas p\u00e1ginas con publicidad de las sociedades rurales, estancieros y, tambi\u00e9n, de empresas extranjeras. Uno de los diarios que m\u00e1s importancia le da a la defensa de Roca es el diario La Naci\u00f3n, y uno de sus m\u00e1s conspicuos redactores, Mariano Grondona, es quien m\u00e1s ataca nuestros debates ciudadanos. Cierta vez, en un art\u00edculo publicado en P\u00e1gina\/12 le se\u00f1al\u00e9 lo siguiente: \u00abAl doctor Mariano Grondona le recomendar\u00edamos leer su propio diario\u00bb. \u00abS\u00ed -le dijimos-, La Naci\u00f3n del 17 de noviembre de Es decir, plena Campa\u00f1a al Desierto. Dice textualmente en primera p\u00e1gina<br>bajo el t\u00edtulo \u00abImpunidad\u00bb: \u201cEl (regimiento) Tres de L\u00ednea ha fusilado, encerrados en un corral, a sesenta indios prisioneros, hecho b\u00e1rbaro y cobarde que averg\u00fcenza a la civilizaci\u00f3n y hace m\u00e1s salvajes que a los indios a las fuerzas que hacen la guerra de tal modo sin respetar las leyes de humanidad ni las leyes que rigen el acto de guerra. Esta hecatombe de prisioneros desarmados que realmente ha tenido lugar deshonra al ej\u00e9r-<br>cito cuando no se protesta del atentado. Muestra una crueldad refinada e instintos sanguinarios y cobardes en aquellos que matan por gusto de matar o por presentarse un espect\u00e1culo de un mont\u00f3n de cad\u00e1veres\u201d (&#8230;) <\/p>\n\n\n\n<p>Click en el link para descargar el libro:<\/p>\n\n\n\n<p><a href=\"https:\/\/mega.nz\/file\/rd11zagC#Z0HrywXS3Gvv1Sl1wuUClYGGrSfJnJEW-DwjtVrWtiE\">Historia de la crueldad argentina. Osvaldo Bayer (Coord)<\/a><\/p>\n\n\n\n<p><\/p>\n","protected":false},"excerpt":{"rendered":"<p>Dice Osvaldo Bayer en la introducci\u00f3n: \u00ab(&#8230;) Esperemos que este libro sea tomado en escuelas secundarias y en aulas universitarias para abrir el gran debate sobre nuestro pasado y el por qu\u00e9 de su eterna crueldad. Porque estamos acostumbrados a que s\u00f3lo se escuche la palabra oficial.La dictadura de la desaparici\u00f3n de personas le dio [&hellip;]<\/p>\n","protected":false},"author":1,"featured_media":3937,"comment_status":"open","ping_status":"open","sticky":false,"template":"","format":"standard","meta":{"_acf_changed":false,"footnotes":""},"categories":[60,59,61,58],"tags":[65,85,97,76],"class_list":["post-3936","post","type-post","status-publish","format-standard","has-post-thumbnail","hentry","category-bibliografia-ciencias-sociales","category-de-interes-general","category-formacion-docente","category-recursos-didacticos","tag-ciencias-sociales","tag-educacion-2","tag-genocidio","tag-patagonia"],"acf":[],"_links":{"self":[{"href":"https:\/\/xn--ensearlapatagonia-ixb.com.ar\/sitio\/wp-json\/wp\/v2\/posts\/3936","targetHints":{"allow":["GET"]}}],"collection":[{"href":"https:\/\/xn--ensearlapatagonia-ixb.com.ar\/sitio\/wp-json\/wp\/v2\/posts"}],"about":[{"href":"https:\/\/xn--ensearlapatagonia-ixb.com.ar\/sitio\/wp-json\/wp\/v2\/types\/post"}],"author":[{"embeddable":true,"href":"https:\/\/xn--ensearlapatagonia-ixb.com.ar\/sitio\/wp-json\/wp\/v2\/users\/1"}],"replies":[{"embeddable":true,"href":"https:\/\/xn--ensearlapatagonia-ixb.com.ar\/sitio\/wp-json\/wp\/v2\/comments?post=3936"}],"version-history":[{"count":0,"href":"https:\/\/xn--ensearlapatagonia-ixb.com.ar\/sitio\/wp-json\/wp\/v2\/posts\/3936\/revisions"}],"wp:featuredmedia":[{"embeddable":true,"href":"https:\/\/xn--ensearlapatagonia-ixb.com.ar\/sitio\/wp-json\/wp\/v2\/media\/3937"}],"wp:attachment":[{"href":"https:\/\/xn--ensearlapatagonia-ixb.com.ar\/sitio\/wp-json\/wp\/v2\/media?parent=3936"}],"wp:term":[{"taxonomy":"category","embeddable":true,"href":"https:\/\/xn--ensearlapatagonia-ixb.com.ar\/sitio\/wp-json\/wp\/v2\/categories?post=3936"},{"taxonomy":"post_tag","embeddable":true,"href":"https:\/\/xn--ensearlapatagonia-ixb.com.ar\/sitio\/wp-json\/wp\/v2\/tags?post=3936"}],"curies":[{"name":"wp","href":"https:\/\/api.w.org\/{rel}","templated":true}]}}